{"id":3168,"date":"2020-02-28T11:26:04","date_gmt":"2020-02-28T11:26:04","guid":{"rendered":"http:\/\/www.romanopisciotti.com\/?p=3168"},"modified":"2020-02-28T11:26:04","modified_gmt":"2020-02-28T11:26:04","slug":"lancia-flaminia-355-lauto-del-presidente","status":"publish","type":"post","link":"http:\/\/www.romanopisciotti.com\/index.php\/2020\/02\/28\/lancia-flaminia-355-lauto-del-presidente\/","title":{"rendered":"Lancia Flaminia 355, l&#8217;auto del Presidente"},"content":{"rendered":"<p>Derivata dalla Lancia Flaminia, la versione \u201c335\u201d (sigla che corrisponde alla misura del passo), fu appositamente realizzata per il Presidente della Repubblica \u00a0e venne impiegata nelle grandi occasioni. Fu progettata da Pinin Farina nel 1960 su esplicita richiesta dell\u2019allora Presidente Giovanni Gronchi che la volle per poterci trasportare la Regina Elisabetta d\u2019Inghilterra in visita ufficiale in Italia. Fu l\u2019occasione per \u201cpensionare\u201d la vecchia \u00a0cabriolet ministeriale d\u2019anteguerra, una Fiat 2800 del 1939.<\/p>\n<p>In pochi mesi, il grande carrozziere torinese, partendo da uno chassis della Flaminia, riusc\u00ec a far produrre quattro esemplari, che come d\u2019abitudine furono battezzati con nomi propri: Belfiore, Belmonte, Belvedere e Belsito.<\/p>\n<p>La carrozzeria della \u201cPresidenziale\u201d \u00e8 pi\u00f9 lunga di 60 centimetri (cm 546 invece di 485), pi\u00f9 larga di 14 (cm 189 invece di 175) e di conseguenza molto pi\u00f9 pesante, poco pi\u00f9 di due tonnellate.<\/p>\n<p><a href=\"http:\/\/www.romanopisciotti.com\/wp-content\/uploads\/2020\/02\/iulo.jpg\"><img loading=\"lazy\" decoding=\"async\" class=\"alignnone size-full wp-image-3170\" src=\"http:\/\/www.romanopisciotti.com\/wp-content\/uploads\/2020\/02\/iulo.jpg\" alt=\"\" width=\"261\" height=\"193\" \/><\/a><\/p>\n<p>Le prime tre Flaminia speciali (Belfiore, Belmonte e Belvedere) furono immatricolate il 27 aprile 1961 e avevano la carrozzeria cabriolet con la capote in tela rigida, ripiegabile grazie a un meccanismo idraulico, mentre l\u2019ultima, la Belsito, si differenzia per avere il posto dell\u2019autista coperto da una capote fissa in tela che quindi, non permette il montaggio del grande tetto rigido trasparente, Nel 1967 fu introdotta una modifica al sistema di apertura e chiusura della parte posteriore del tetto, separandola completamente dalla copertura del posto guida che rimaneva fissa. Il primo impiego ufficiale avvenne, appunto, in occasione della visita della Regina Elisabetta, ai primi di maggio del 1961.<\/p>\n<p>Negli anni sessanta le quattro vetture furono normalmente impiegate dal Quirinale come vetture di rappresentanza durante le visite di stato di sovrani e capi di stati esteri, come quando arriv\u00f2 in Italia John Fitzgerald Kennedy il 1\u00ba luglio 1963. Rimasero, poi, \u00a0in servizio fino al 1982, e successivamente furono utilizzate solo in alcune occasioni straordinarie.<\/p>\n<p><strong>\u00a0Presentata da ITALMOTOR<\/strong><\/p>\n<p>Romano Pisciotti<\/p>\n","protected":false},"excerpt":{"rendered":"<p>Derivata dalla Lancia Flaminia, la versione \u201c335\u201d (sigla che corrisponde alla misura del passo), fu appositamente realizzata per il Presidente della Repubblica \u00a0e venne impiegata nelle grandi occasioni. Fu progettata da Pinin Farina nel 1960 su esplicita richiesta dell\u2019allora Presidente Giovanni Gronchi che la volle per poterci trasportare la Regina Elisabetta d\u2019Inghilterra in visita ufficiale &hellip; <a href=\"http:\/\/www.romanopisciotti.com\/index.php\/2020\/02\/28\/lancia-flaminia-355-lauto-del-presidente\/\" class=\"more-link\">Continua a leggere <span class=\"screen-reader-text\">Lancia Flaminia 355, l&#8217;auto del Presidente<\/span><\/a><\/p>\n","protected":false},"author":5,"featured_media":3169,"comment_status":"open","ping_status":"open","sticky":false,"template":"","format":"standard","meta":{"footnotes":""},"categories":[16],"tags":[158,1054,310,41],"class_list":["post-3168","post","type-post","status-publish","format-standard","has-post-thumbnail","hentry","category-drops","tag-italmotor","tag-lancia","tag-presidente","tag-romano-pisciotti"],"_links":{"self":[{"href":"http:\/\/www.romanopisciotti.com\/index.php\/wp-json\/wp\/v2\/posts\/3168","targetHints":{"allow":["GET"]}}],"collection":[{"href":"http:\/\/www.romanopisciotti.com\/index.php\/wp-json\/wp\/v2\/posts"}],"about":[{"href":"http:\/\/www.romanopisciotti.com\/index.php\/wp-json\/wp\/v2\/types\/post"}],"author":[{"embeddable":true,"href":"http:\/\/www.romanopisciotti.com\/index.php\/wp-json\/wp\/v2\/users\/5"}],"replies":[{"embeddable":true,"href":"http:\/\/www.romanopisciotti.com\/index.php\/wp-json\/wp\/v2\/comments?post=3168"}],"version-history":[{"count":1,"href":"http:\/\/www.romanopisciotti.com\/index.php\/wp-json\/wp\/v2\/posts\/3168\/revisions"}],"predecessor-version":[{"id":3171,"href":"http:\/\/www.romanopisciotti.com\/index.php\/wp-json\/wp\/v2\/posts\/3168\/revisions\/3171"}],"wp:featuredmedia":[{"embeddable":true,"href":"http:\/\/www.romanopisciotti.com\/index.php\/wp-json\/wp\/v2\/media\/3169"}],"wp:attachment":[{"href":"http:\/\/www.romanopisciotti.com\/index.php\/wp-json\/wp\/v2\/media?parent=3168"}],"wp:term":[{"taxonomy":"category","embeddable":true,"href":"http:\/\/www.romanopisciotti.com\/index.php\/wp-json\/wp\/v2\/categories?post=3168"},{"taxonomy":"post_tag","embeddable":true,"href":"http:\/\/www.romanopisciotti.com\/index.php\/wp-json\/wp\/v2\/tags?post=3168"}],"curies":[{"name":"wp","href":"https:\/\/api.w.org\/{rel}","templated":true}]}}